{"id":222,"date":"2016-01-25T11:01:19","date_gmt":"2016-01-25T11:01:19","guid":{"rendered":"http:\/\/www.charlottebrinckmann.de\/?p=222"},"modified":"2016-01-25T11:01:19","modified_gmt":"2016-01-25T11:01:19","slug":"sven-kock-fachanwalt-fuer-arbeitsrecht","status":"publish","type":"post","link":"https:\/\/www.charlottebrinckmann.de\/en\/sven-kock-fachanwalt-fuer-arbeitsrecht\/","title":{"rendered":"Sven Kock &#8211; Fachanwalt f\u00fcr Arbeitsrecht"},"content":{"rendered":"<p><strong>WEBSITE DESIGN, CORPORATE DESIGN<\/strong><\/p>\n<p><strong>Auftraggeber:<\/strong> Sven Kock &#8211; Fachanwalt f\u00fcr Arbeitsrecht<\/p>\n<p><strong>Projekt:<\/strong> Konzeptionelle Beratung und Neudesign des Internetauftritts f\u00fcr <a href=\"http:\/\/advokock.de\/arbeitsrecht-sven-kock\/\" target=\"_blank\">Sven Kock &#8211;  Fachanwalt f\u00fcr Arbeitsrecht<\/a> unter Ber\u00fccksichtigung des Responsive Webdesign. \u00dcberarbeitung des Logos und Design der Gesch\u00e4ftsausstattung.<\/p>\n","protected":false},"excerpt":{"rendered":"<p>Neudesign des Internetauftritts unter Ber\u00fccksichtigung des Responsive Webdesigns.<\/p>\n","protected":false},"author":1,"featured_media":0,"comment_status":"open","ping_status":"open","sticky":false,"template":"","format":"standard","meta":{"_acf_changed":false,"footnotes":""},"categories":[1],"tags":[],"class_list":["post-222","post","type-post","status-publish","format-standard","hentry","category-allgemein"],"translation":{"provider":"WPGlobus","version":"2.12.2","language":"en","enabled_languages":["de","en"],"languages":{"de":{"title":true,"content":true,"excerpt":true},"en":{"title":false,"content":false,"excerpt":false}}},"acf":[],"_links":{"self":[{"href":"https:\/\/www.charlottebrinckmann.de\/en\/wp-json\/wp\/v2\/posts\/222","targetHints":{"allow":["GET"]}}],"collection":[{"href":"https:\/\/www.charlottebrinckmann.de\/en\/wp-json\/wp\/v2\/posts"}],"about":[{"href":"https:\/\/www.charlottebrinckmann.de\/en\/wp-json\/wp\/v2\/types\/post"}],"author":[{"embeddable":true,"href":"https:\/\/www.charlottebrinckmann.de\/en\/wp-json\/wp\/v2\/users\/1"}],"replies":[{"embeddable":true,"href":"https:\/\/www.charlottebrinckmann.de\/en\/wp-json\/wp\/v2\/comments?post=222"}],"version-history":[{"count":8,"href":"https:\/\/www.charlottebrinckmann.de\/en\/wp-json\/wp\/v2\/posts\/222\/revisions"}],"predecessor-version":[{"id":236,"href":"https:\/\/www.charlottebrinckmann.de\/en\/wp-json\/wp\/v2\/posts\/222\/revisions\/236"}],"wp:attachment":[{"href":"https:\/\/www.charlottebrinckmann.de\/en\/wp-json\/wp\/v2\/media?parent=222"}],"wp:term":[{"taxonomy":"category","embeddable":true,"href":"https:\/\/www.charlottebrinckmann.de\/en\/wp-json\/wp\/v2\/categories?post=222"},{"taxonomy":"post_tag","embeddable":true,"href":"https:\/\/www.charlottebrinckmann.de\/en\/wp-json\/wp\/v2\/tags?post=222"}],"curies":[{"name":"wp","href":"https:\/\/api.w.org\/{rel}","templated":true}]}}